{"id":586,"date":"2018-07-20T06:05:15","date_gmt":"2018-07-20T06:05:15","guid":{"rendered":"http:\/\/hypogenic.blog56.es\/?p=586"},"modified":"2018-07-20T06:05:15","modified_gmt":"2018-07-20T06:05:15","slug":"nuevo-trabajo-sobre-las-cuevas-hipogenicas-en-murcia","status":"publish","type":"post","link":"http:\/\/hypogenic.blog56.es\/?p=586","title":{"rendered":"Nuevo trabajo sobre las cuevas hipog\u00e9nicas en Murcia"},"content":{"rendered":"<p>Nuevo trabajo <a href=\"https:\/\/www.researchgate.net\/publication\/326507015_Evidencias_de_hipogenesis_karstica_en_la_Region_Murcia_-Evidence_of_karstic_hypogenesis_in_the_Region_of_Murcia\">\u00abEvidencias de hipog\u00e9nesis k\u00e1srtica en la Regi\u00f3n de Murcia\u00bb<\/a> publicado en el n\u00famero 12 del bolet\u00edn de la SEDECK, este trabajo actualiza las investigaciones sobre las cavidades hipog\u00e9nicas de la Regi\u00f3n de Murcia. El bolet\u00edn de la SEDECK n\u00famero 12 se ha dedicado a las cuevas hipog\u00e9nicas en Murcia, todo un referente sobre este tipo de cavidades se puede acceder al <a href=\"https:\/\/sites.google.com\/site\/sedeckespeleologiacientifica\/boletin-sedeck\">BOLETIN COMPLETO AQUI.<\/a><a href=\"https:\/\/www.researchgate.net\/publication\/326507015_Evidencias_de_hipogenesis_karstica_en_la_Region_Murcia_-Evidence_of_karstic_hypogenesis_in_the_Region_of_Murcia\"><img loading=\"lazy\" decoding=\"async\" class=\"aligncenter size-medium wp-image-587\" src=\"http:\/\/hypogenic.blog56.es\/wp-content\/uploads\/2018\/07\/Sedeck-Portada-212x300.png\" alt=\"\" width=\"212\" height=\"300\" srcset=\"http:\/\/hypogenic.blog56.es\/wp-content\/uploads\/2018\/07\/Sedeck-Portada-212x300.png 212w, http:\/\/hypogenic.blog56.es\/wp-content\/uploads\/2018\/07\/Sedeck-Portada-768x1085.png 768w, http:\/\/hypogenic.blog56.es\/wp-content\/uploads\/2018\/07\/Sedeck-Portada-725x1024.png 725w, http:\/\/hypogenic.blog56.es\/wp-content\/uploads\/2018\/07\/Sedeck-Portada-624x882.png 624w, http:\/\/hypogenic.blog56.es\/wp-content\/uploads\/2018\/07\/Sedeck-Portada.png 1241w\" sizes=\"auto, (max-width: 212px) 100vw, 212px\" \/><\/a><\/p>\n","protected":false},"excerpt":{"rendered":"<p>Nuevo trabajo \u00abEvidencias de hipog\u00e9nesis k\u00e1srtica en la Regi\u00f3n de Murcia\u00bb publicado en el n\u00famero 12 del bolet\u00edn de la SEDECK, este trabajo actualiza las investigaciones sobre las cavidades hipog\u00e9nicas de la Regi\u00f3n de Murcia. El bolet\u00edn de la SEDECK n\u00famero 12 se ha dedicado a las cuevas hipog\u00e9nicas en Murcia, todo un referente sobre [&hellip;]<\/p>\n","protected":false},"author":1,"featured_media":0,"comment_status":"open","ping_status":"open","sticky":false,"template":"","format":"standard","meta":{"footnotes":""},"categories":[1],"tags":[],"class_list":["post-586","post","type-post","status-publish","format-standard","hentry","category-uncategorized"],"_links":{"self":[{"href":"http:\/\/hypogenic.blog56.es\/index.php?rest_route=\/wp\/v2\/posts\/586","targetHints":{"allow":["GET"]}}],"collection":[{"href":"http:\/\/hypogenic.blog56.es\/index.php?rest_route=\/wp\/v2\/posts"}],"about":[{"href":"http:\/\/hypogenic.blog56.es\/index.php?rest_route=\/wp\/v2\/types\/post"}],"author":[{"embeddable":true,"href":"http:\/\/hypogenic.blog56.es\/index.php?rest_route=\/wp\/v2\/users\/1"}],"replies":[{"embeddable":true,"href":"http:\/\/hypogenic.blog56.es\/index.php?rest_route=%2Fwp%2Fv2%2Fcomments&post=586"}],"version-history":[{"count":1,"href":"http:\/\/hypogenic.blog56.es\/index.php?rest_route=\/wp\/v2\/posts\/586\/revisions"}],"predecessor-version":[{"id":588,"href":"http:\/\/hypogenic.blog56.es\/index.php?rest_route=\/wp\/v2\/posts\/586\/revisions\/588"}],"wp:attachment":[{"href":"http:\/\/hypogenic.blog56.es\/index.php?rest_route=%2Fwp%2Fv2%2Fmedia&parent=586"}],"wp:term":[{"taxonomy":"category","embeddable":true,"href":"http:\/\/hypogenic.blog56.es\/index.php?rest_route=%2Fwp%2Fv2%2Fcategories&post=586"},{"taxonomy":"post_tag","embeddable":true,"href":"http:\/\/hypogenic.blog56.es\/index.php?rest_route=%2Fwp%2Fv2%2Ftags&post=586"}],"curies":[{"name":"wp","href":"https:\/\/api.w.org\/{rel}","templated":true}]}}